{"id":2006,"date":"2026-01-19T09:29:55","date_gmt":"2026-01-19T08:29:55","guid":{"rendered":"https:\/\/www.fersay.com\/blog\/?p=2006"},"modified":"2026-01-19T09:29:56","modified_gmt":"2026-01-19T08:29:56","slug":"donde-y-porque-reciclar-tu-frigorifico-viejo","status":"publish","type":"post","link":"https:\/\/www.fersay.com\/blog\/donde-y-porque-reciclar-tu-frigorifico-viejo\/","title":{"rendered":"D\u00f3nde y por qu\u00e9 reciclar tu frigor\u00edfico viejo y evitar contaminaci\u00f3n ambiental"},"content":{"rendered":"\n<p>\u00bfSab\u00edas que un frigor\u00edfico mal reciclado puede contaminar el planeta durante d\u00e9cadas?<br>Cuando renovamos un frigor\u00edfico o una nevera, solemos pensar en la comodidad del nuevo electrodom\u00e9stico, pero rara vez en el destino del antiguo. Sin embargo, un frigor\u00edfico desechado sin control puede convertirse en un foco de contaminaci\u00f3n ambiental.<\/p>\n\n\n\n<p><strong>Estos electrodom\u00e9sticos forman parte de los Residuos de Aparatos El\u00e9ctricos y Electr\u00f3nicos <a href=\"https:\/\/www.miteco.gob.es\/es\/calidad-y-evaluacion-ambiental\/temas\/prevencion-y-gestion-residuos\/flujos\/domesticos\/fracciones\/aparatos_electr\/electricos-y-electronicos-materiales-y-componentes.html\">(RAEE)<\/a><\/strong> y requieren un tratamiento especializado. El frigor\u00edfico contienen materiales reutilizables \u2014como hierro, aluminio o cobre\u2014 junto a otras sustancias potencialmente peligrosas, como gases refrigerantes (CFC, HFC) y aceites con componentes t\u00f3xicos.<\/p>\n\n\n\n<h2 class=\"wp-block-heading\">Los peligros del mal reciclaje de un frigor\u00edfico<\/h2>\n\n\n\n<p>Cuando un frigor\u00edfico termina en un vertedero sin un tratamiento adecuado, los gases refrigerantes se liberan a la atm\u00f3sfera, contribuyendo de forma directa al calentamiento global. De hecho, <strong>solo un kilogramo de CFC puede tener un potencial de calentamiento hasta 10.000 veces mayor que el CO\u2082<\/strong>.<\/p>\n\n\n\n<p>Adem\u00e1s, los aceites y las espumas aislantes pueden filtrarse al suelo, contaminando acu\u00edferos y afectando la biodiversidad local. En Espa\u00f1a, se han detectado vertederos ilegales donde la acumulaci\u00f3n de estos electrodom\u00e9sticos ha generado graves focos de contaminaci\u00f3n.<\/p>\n\n\n\n<h2 class=\"wp-block-heading\">Reciclar correctamente: una oportunidad para la econom\u00eda circular<\/h2>\n\n\n\n<p>M\u00e1s all\u00e1 de reducir la contaminaci\u00f3n, el reciclaje responsable de frigor\u00edficos permite recuperar hasta el 95\u202f% de los materiales. As\u00ed se evita la extracci\u00f3n de nuevas materias primas, se reduce el consumo energ\u00e9tico y se impulsa una econom\u00eda circular m\u00e1s eficiente y sostenible.<\/p>\n\n\n\n<p>No reciclar correctamente significa perder metales valiosos, como el cobre, y aumentar el impacto ambiental y econ\u00f3mico derivado de la extracci\u00f3n de recursos naturales.<\/p>\n\n\n\n<h2 class=\"wp-block-heading\">\u00bfD\u00f3nde y c\u00f3mo reciclar tu frigor\u00edfico viejo?<\/h2>\n\n\n\n<p><strong>Para garantizar que el reciclaje se realiza de forma segura, es esencial recurrir a canales de gesti\u00f3n autorizados.<\/strong> Estas son las principales opciones:<\/p>\n\n\n\n<ul class=\"wp-block-list\">\n<li><strong>Puntos limpios municipales:<\/strong> aceptan frigor\u00edficos y otros aparatos el\u00e9ctricos para su descontaminaci\u00f3n.<\/li>\n\n\n\n<li><strong>Recogida 1&#215;1: <\/strong>las tiendas y distribuidores est\u00e1n obligados a recoger tu aparato viejo cuando entregan uno nuevo.<\/li>\n\n\n\n<li><strong>Gestores RAEE autorizados<\/strong>: empresas especializadas en transporte y tratamiento ecol\u00f3gico de electrodom\u00e9sticos.<\/li>\n<\/ul>\n\n\n\n<h3 class=\"wp-block-heading\">Reparar antes de desechar: la mejor opci\u00f3n para reducir residuos<\/h3>\n\n\n\n<p>Antes de reciclar, conviene plantearse si el electrodom\u00e9stico puede repararse. Reparar alarga la vida \u00fatil, reduce el volumen de residuos y promueve un consumo m\u00e1s responsable.<\/p>\n\n\n\n<p><a href=\"https:\/\/www.fersay.com\/\">En Fersay<\/a>, apostamos por extender la vida \u00fatil de los electrodom\u00e9sticos ofreciendo recambios originales, herramientas especializadas y asesoramiento t\u00e9cnico para que reparar sea una opci\u00f3n f\u00e1cil y econ\u00f3mica.<\/p>\n\n\n\n<h3 class=\"wp-block-heading\">Un peque\u00f1o gesto con un impacto enorme<\/h3>\n\n\n\n<p><strong>El reciclaje adecuado \u2014o la reparaci\u00f3n\u2014 de un electrodom\u00e9stico es mucho m\u00e1s que cumplir una norma: es una acci\u00f3n concreta contra el cambio clim\u00e1tico.<\/strong> Cada aparato gestionado correctamente evita emisiones, protege los ecosistemas y contribuye a construir una sociedad m\u00e1s sostenible.<\/p>\n\n\n\n<p>Cuidar el planeta empieza con peque\u00f1os gestos, y reciclar bien tu frigor\u00edfico es uno de los m\u00e1s importantes.<\/p>\n","protected":false},"excerpt":{"rendered":"<p>\u00bfSab\u00edas que un frigor\u00edfico mal reciclado puede contaminar el planeta durante d\u00e9cadas?Cuando renovamos un frigor\u00edfico o una nevera, solemos pensar en la comodidad del nuevo electrodom\u00e9stico, pero rara vez en el destino del antiguo. Sin embargo, un frigor\u00edfico desechado sin control puede convertirse en un foco de contaminaci\u00f3n ambiental. Estos electrodom\u00e9sticos forman parte de los [&hellip;]<\/p>\n","protected":false},"author":1,"featured_media":2007,"comment_status":"open","ping_status":"open","sticky":true,"template":"","format":"standard","meta":{"footnotes":""},"categories":[8,3],"tags":[26,139],"class_list":["post-2006","post","type-post","status-publish","format-standard","has-post-thumbnail","hentry","category-consejos","category-electrodomesticos","tag-electrodomesticos","tag-gama-blanca"],"_links":{"self":[{"href":"https:\/\/www.fersay.com\/blog\/wp-json\/wp\/v2\/posts\/2006","targetHints":{"allow":["GET"]}}],"collection":[{"href":"https:\/\/www.fersay.com\/blog\/wp-json\/wp\/v2\/posts"}],"about":[{"href":"https:\/\/www.fersay.com\/blog\/wp-json\/wp\/v2\/types\/post"}],"author":[{"embeddable":true,"href":"https:\/\/www.fersay.com\/blog\/wp-json\/wp\/v2\/users\/1"}],"replies":[{"embeddable":true,"href":"https:\/\/www.fersay.com\/blog\/wp-json\/wp\/v2\/comments?post=2006"}],"version-history":[{"count":4,"href":"https:\/\/www.fersay.com\/blog\/wp-json\/wp\/v2\/posts\/2006\/revisions"}],"predecessor-version":[{"id":2011,"href":"https:\/\/www.fersay.com\/blog\/wp-json\/wp\/v2\/posts\/2006\/revisions\/2011"}],"wp:featuredmedia":[{"embeddable":true,"href":"https:\/\/www.fersay.com\/blog\/wp-json\/wp\/v2\/media\/2007"}],"wp:attachment":[{"href":"https:\/\/www.fersay.com\/blog\/wp-json\/wp\/v2\/media?parent=2006"}],"wp:term":[{"taxonomy":"category","embeddable":true,"href":"https:\/\/www.fersay.com\/blog\/wp-json\/wp\/v2\/categories?post=2006"},{"taxonomy":"post_tag","embeddable":true,"href":"https:\/\/www.fersay.com\/blog\/wp-json\/wp\/v2\/tags?post=2006"}],"curies":[{"name":"wp","href":"https:\/\/api.w.org\/{rel}","templated":true}]}}